{"id":1916,"date":"2025-05-30T09:19:28","date_gmt":"2025-05-30T09:19:28","guid":{"rendered":"https:\/\/gebro.es\/gebro-pharma-y-the-ricky-rubio-foundationunen-fuerzas-en-una-campana-conjunta-contra-el-tabaquismo\/"},"modified":"2025-05-30T09:19:28","modified_gmt":"2025-05-30T09:19:28","slug":"gebro-pharma-y-the-ricky-rubio-foundationunen-fuerzas-en-una-campana-conjunta-contra-el-tabaquismo","status":"publish","type":"post","link":"https:\/\/gebro.es\/ca\/gebro-pharma-y-the-ricky-rubio-foundationunen-fuerzas-en-una-campana-conjunta-contra-el-tabaquismo\/","title":{"rendered":"Gebro Pharma y The Ricky Rubio Foundation unen fuerzas en una campa\u00f1a conjunta contra el tabaquismo"},"content":{"rendered":"\n<ul class=\"wp-block-list\">\n<li><strong>Laboratorios Gebro Pharma y The Ricky Rubio Foundation han firmado un acuerdo de colaboraci\u00f3n para unir fuerzas en la campa\u00f1a de concienciaci\u00f3n social contra el tabaquismo llamada \u201cAdi\u00f3s nicotina\u201d<\/strong><br><\/li>\n<\/ul>\n\n\n\n<ul class=\"wp-block-list\">\n<li><strong>Con \u201cAdi\u00f3s nicotina\u201d Gebro Pharma se compromete a donar 6.000 euros a la Fundaci\u00f3n Ricky Rubio, quien los destinar\u00e1 a proyectos <\/strong><strong>de prevenci\u00f3n del tabaquismo en poblaci\u00f3n joven y de mejora de la salud respiratoria en pacientes con c\u00e1ncer de pulm\u00f3n mediante el ejercicio f\u00edsico<\/strong><\/li>\n<\/ul>\n\n\n\n<p><\/p>\n\n\n\n<p><strong>Barcelona, 28.05.2025<\/strong> <strong>\u2013 <\/strong>Laboratorios Gebro Pharma refuerza su compromiso con las enfermedades respiratorias a trav\u00e9s de una campa\u00f1a de concienciaci\u00f3n social que busca motivar a la poblaci\u00f3n fumadora para que abandonen el tabaco y la nicotina. La campa\u00f1a \u201cAdi\u00f3s nicotina\u201d arranca este 31 de mayo con motivo del D\u00eda Internacional contra el Tabaco y acabar\u00e1 a finales de 2025. En esta causa Gebro Pharma se ha aliado con The Ricky Rubio Foundation, organizaci\u00f3n con la que comparten el objetivo de mejorar la salud respiratoria entre la poblaci\u00f3n.<\/p>\n\n\n\n<p><strong>Objetivo: 6.000 fotos y 6.000 euros<\/strong><\/p>\n\n\n\n<p>La campa\u00f1a invita a la poblaci\u00f3n fumadora a subir a sus propias redes sociales una foto con la persona o ser vivo por el cual la persona fumadora dejar\u00eda de fumar etiquetando la imagen con el hashtag #adiosnicotina. Por cada imagen etiquetada Gebro Pharma se compromete a donar 1 euro a los proyectos contra el tabaquismo y el c\u00e1ncer de pulm\u00f3n de The Ricky Rubio Foundation. El objetivo es llegar a las 6.000 fotos hasta completar la donaci\u00f3n de los 6.000 euros.<\/p>\n\n\n\n<p><strong><em>Y t\u00fa, \u00bfpor qui\u00e9n dejar\u00edas de fumar?<\/em><\/strong><\/p>\n\n\n\n<p>Dejar el tabaco requiere una motivaci\u00f3n intr\u00ednseca, un motivo personal que impulse a la persona a tomar la decisi\u00f3n consciente de abandonar este h\u00e1bito. Aunque la mejora de las condiciones de la salud tras cesar la nicotina ya supone un motivo para dejar de fumar, muchos expertos en esta patolog\u00eda indican que las motivaciones psicol\u00f3gicas contribuyen positivamente a que la deshabituaci\u00f3n sea un \u00e9xito.<\/p>\n\n\n\n<p>El estudio EUREST-PLUS, investigaci\u00f3n longitudinal realizada entre 2016 y 2018 en seis pa\u00edses de la Uni\u00f3n Europea (incluyendo Espa\u00f1a), revel\u00f3 que factores psicol\u00f3gicos como la preocupaci\u00f3n por la salud, el deseo de ser un buen ejemplo para los hijos y la percepci\u00f3n de menor adicci\u00f3n se asociaron significativamente con el abandono del tabaco.<\/p>\n\n\n\n<p>\u201c<em>En este sentido la campa\u00f1a insta amablemente a que los fumadores piensen en aquel familiar, amigo, mascota, compa\u00f1ero, ser querido, etc., por el cual dejar\u00edan la nicotina porque si sabes por qui\u00e9n, sin duda sabes por qu\u00e9. A los seres humanos nada nos hace sentir mejor que hacer algo que beneficiar\u00e1 a las personas que amamos<\/em>\u201d, declara <strong>Isabel Salas, directora de Recursos Humanos &amp; Comunicaci\u00f3n de Gebro Pharma.<\/strong><\/p>\n\n\n\n<p><strong>Compromiso con las patolog\u00edas respiratorias<\/strong><\/p>\n\n\n\n<p>La donaci\u00f3n est\u00e1 destinada a los proyectos de salud respiratoria de The Ricky Rubio Foundation, que impulsa iniciativas para mejorar la calidad de vida de las personas con c\u00e1ncer de pulm\u00f3n a trav\u00e9s del ejercicio f\u00edsico, as\u00ed como campa\u00f1as de erradicaci\u00f3n del tabaquismo. Entre estos proyectos destaca Proyecto Zero, centrado en conseguir la primera generaci\u00f3n de j\u00f3venes libres de humo as\u00ed como programas como LungFit o WINNER, que promueven el ejercicio f\u00edsico como herramienta terap\u00e9utica y de recuperaci\u00f3n para pacientes oncol\u00f3gicos.<\/p>\n\n\n\n<p>\u201c<em>Desde The Ricky Rubio Foundation nos motiva poder formar parte de una campa\u00f1a porque conecta con las emociones y en el poder de los v\u00ednculos personales para dejar de fumar. Como fundaci\u00f3n, trabajamos cada d\u00eda para mejorar la calidad de vida de los pacientes de c\u00e1ncer de pulm\u00f3n y participamos activamente en campa\u00f1as para erradicar el tabaquismo, especialmente entre los m\u00e1s j\u00f3venes. Esta campa\u00f1a refuerza nuestro objetivo y nos permite inspirar a m\u00e1s personas a dar un paso hacia una vida sin humo<\/em>\u201d,  afirma <strong>Josep Heredia, director de The Ricky Rubio Foundation.<\/strong><\/p>\n\n\n\n<p><strong>El tabaquismo<\/strong><\/p>\n\n\n\n<p>Seg\u00fan datos de la OMS cada a\u00f1o el tabaco mata a m\u00e1s de 8 millones de personas en el mundo, de los cuales 1,3 millones son fumadores pasivos. En Espa\u00f1a se considera que un 22,1% de la poblaci\u00f3n es fumadora y un 19,8% de esta poblaci\u00f3n fuma a diario. Otro dato relevante es que un 54,6% de los estudiantes espa\u00f1oles entre 14 y 18 a\u00f1os han utilizado alguna vez dispositivos electr\u00f3nicos para vapear.&nbsp; Entre el 2015 y el 2022 el consumo en Espa\u00f1a de cigarrillos electr\u00f3nicos ha pasado del 6,8% al 12,1%.<\/p>\n\n\n\n<p>El tabaquismo es una de las mayores preocupaciones de salud p\u00fablica y la causa m\u00e1s prevenible de morbilidad y mortalidad a nivel global. El cese tab\u00e1quico reduce los casos de enfermedad cardiovascular, as\u00ed como la mortalidad.<\/p>\n\n\n\n<p>El tabaquismo es una enfermedad cr\u00f3nica y recurrente que requiere un abordaje a largo plazo y un tratamiento intensivo ya que implica dos componentes: la dependencia f\u00edsica y la dependencia psicol\u00f3gica.<\/p>\n\n\n\n<p><strong>Sobre Laboratorios Gebro Pharma<\/strong><\/p>\n\n\n\n<p>Laboratorios Gebro Pharma es una empresa farmac\u00e9utica que se dedica al desarrollo y la comercializaci\u00f3n de medicamentos de prescripci\u00f3n m\u00e9dica y hospitalaria. Presente en Espa\u00f1a desde 2002 y con sede en Barcelona, la compa\u00f1\u00eda cuenta actualmente con 150 empleados en nuestro pa\u00eds. Forma parte del grupo farmac\u00e9utico austr\u00edaco Gebro Pharma GmbH, que, desde hace m\u00e1s de 75 a\u00f1os, trabaja en la investigaci\u00f3n, fabricaci\u00f3n y comercializaci\u00f3n de especialidades farmac\u00e9uticas.<strong><\/strong><\/p>\n\n\n\n<p>En nuestro pa\u00eds, la compa\u00f1\u00eda es un referente y desarrolla y comercializa un portfolio de f\u00e1rmacos de referencia en las \u00e1reas de enfermedades autoinmunes, respiratorio, dolor y urolog\u00eda.<\/p>\n\n\n\n<p>En 2020 ha obtenido el certificado Great Place to Work como lugar excelente para trabajar y en 2021 se ha posicionado como una de las 25 empresas \u2018Mejores lugares para Trabajar en Espa\u00f1a\u2019 con el certificado Best Place to Work 2021. <\/p>\n\n\n\n<p><strong>Sobre la Fundaci\u00f3n Ricky Rubio<\/strong><\/p>\n\n\n\n<p>The Ricky Rubio Foundation es una entidad sin \u00e1nimo de lucro que lucha contra el c\u00e1ncer de pulm\u00f3n mediante la investigaci\u00f3n y para la erradicaci\u00f3n del tabaquismo con campa\u00f1as de sensibilizaci\u00f3n social. Su misi\u00f3n es clara: transformar el impacto de la enfermedad a trav\u00e9s de programas que promueven el ejercicio f\u00edsico para la mejora de la salud respiratoria y el bienestar emocional.<\/p>\n\n\n\n<p><\/p>\n","protected":false},"excerpt":{"rendered":"<p>Barcelona, 28.05.2025 \u2013 Laboratorios Gebro Pharma refuerza su compromiso con las enfermedades respiratorias a trav\u00e9s de una campa\u00f1a de concienciaci\u00f3n social que busca motivar a la poblaci\u00f3n fumadora para que abandonen el tabaco y la nicotina. La campa\u00f1a \u201cAdi\u00f3s nicotina\u201d arranca este 31 de mayo con motivo del D\u00eda Internacional contra el Tabaco y acabar\u00e1 [&hellip;]<\/p>\n","protected":false},"author":2,"featured_media":1814,"comment_status":"open","ping_status":"open","sticky":false,"template":"","format":"standard","meta":{"_acf_changed":false,"footnotes":""},"categories":[9],"tags":[],"class_list":["post-1916","post","type-post","status-publish","format-standard","has-post-thumbnail","hentry","category-sin-categorizar"],"acf":[],"yoast_head":"<!-- This site is optimized with the Yoast SEO plugin v27.4 - https:\/\/yoast.com\/product\/yoast-seo-wordpress\/ -->\n<title>Gebro Pharma y The Ricky Rubio Foundation unen fuerzas en una campa\u00f1a conjunta contra el tabaquismo - Gebro Pharma<\/title>\n<meta name=\"robots\" content=\"index, follow, max-snippet:-1, max-image-preview:large, max-video-preview:-1\" \/>\n<link rel=\"canonical\" href=\"https:\/\/gebro.es\/ca\/gebro-pharma-y-the-ricky-rubio-foundationunen-fuerzas-en-una-campana-conjunta-contra-el-tabaquismo\/\" \/>\n<meta property=\"og:locale\" content=\"ca_ES\" \/>\n<meta property=\"og:type\" content=\"article\" \/>\n<meta property=\"og:title\" content=\"Gebro Pharma y The Ricky Rubio Foundation unen fuerzas en una campa\u00f1a conjunta contra el tabaquismo - Gebro Pharma\" \/>\n<meta property=\"og:description\" content=\"Barcelona, 28.05.2025 \u2013 Laboratorios Gebro Pharma refuerza su compromiso con las enfermedades respiratorias a trav\u00e9s de una campa\u00f1a de concienciaci\u00f3n social que busca motivar a la poblaci\u00f3n fumadora para que abandonen el tabaco y la nicotina. La campa\u00f1a \u201cAdi\u00f3s nicotina\u201d arranca este 31 de mayo con motivo del D\u00eda Internacional contra el Tabaco y acabar\u00e1 [&hellip;]\" \/>\n<meta property=\"og:url\" content=\"https:\/\/gebro.es\/ca\/gebro-pharma-y-the-ricky-rubio-foundationunen-fuerzas-en-una-campana-conjunta-contra-el-tabaquismo\/\" \/>\n<meta property=\"og:site_name\" content=\"Gebro Pharma\" \/>\n<meta property=\"article:published_time\" content=\"2025-05-30T09:19:28+00:00\" \/>\n<meta name=\"author\" content=\"Amanda Tal\u00e1n\" \/>\n<meta name=\"twitter:card\" content=\"summary_large_image\" \/>\n<meta name=\"twitter:label1\" content=\"Escrit per\" \/>\n\t<meta name=\"twitter:data1\" content=\"Amanda Tal\u00e1n\" \/>\n\t<meta name=\"twitter:label2\" content=\"Temps estimat de lectura\" \/>\n\t<meta name=\"twitter:data2\" content=\"5 minuts\" \/>\n<script type=\"application\/ld+json\" class=\"yoast-schema-graph\">{\"@context\":\"https:\\\/\\\/schema.org\",\"@graph\":[{\"@type\":\"Article\",\"@id\":\"https:\\\/\\\/gebro.es\\\/ca\\\/gebro-pharma-y-the-ricky-rubio-foundationunen-fuerzas-en-una-campana-conjunta-contra-el-tabaquismo\\\/#article\",\"isPartOf\":{\"@id\":\"https:\\\/\\\/gebro.es\\\/ca\\\/gebro-pharma-y-the-ricky-rubio-foundationunen-fuerzas-en-una-campana-conjunta-contra-el-tabaquismo\\\/\"},\"author\":{\"name\":\"Amanda Tal\u00e1n\",\"@id\":\"https:\\\/\\\/gebro.es\\\/ca\\\/#\\\/schema\\\/person\\\/0f0c46c3232e230c968bd6b7a2a46090\"},\"headline\":\"Gebro Pharma y The Ricky Rubio Foundation unen fuerzas en una campa\u00f1a conjunta contra el tabaquismo\",\"datePublished\":\"2025-05-30T09:19:28+00:00\",\"mainEntityOfPage\":{\"@id\":\"https:\\\/\\\/gebro.es\\\/ca\\\/gebro-pharma-y-the-ricky-rubio-foundationunen-fuerzas-en-una-campana-conjunta-contra-el-tabaquismo\\\/\"},\"wordCount\":1096,\"commentCount\":0,\"image\":{\"@id\":\"https:\\\/\\\/gebro.es\\\/ca\\\/gebro-pharma-y-the-ricky-rubio-foundationunen-fuerzas-en-una-campana-conjunta-contra-el-tabaquismo\\\/#primaryimage\"},\"thumbnailUrl\":\"https:\\\/\\\/gebro.es\\\/app\\\/uploads\\\/2025\\\/05\\\/adios-nicotina-nena-i-pare.jpg\",\"articleSection\":[\"Press\"],\"inLanguage\":\"ca\",\"potentialAction\":[{\"@type\":\"CommentAction\",\"name\":\"Comment\",\"target\":[\"https:\\\/\\\/gebro.es\\\/ca\\\/gebro-pharma-y-the-ricky-rubio-foundationunen-fuerzas-en-una-campana-conjunta-contra-el-tabaquismo\\\/#respond\"]}]},{\"@type\":\"WebPage\",\"@id\":\"https:\\\/\\\/gebro.es\\\/ca\\\/gebro-pharma-y-the-ricky-rubio-foundationunen-fuerzas-en-una-campana-conjunta-contra-el-tabaquismo\\\/\",\"url\":\"https:\\\/\\\/gebro.es\\\/ca\\\/gebro-pharma-y-the-ricky-rubio-foundationunen-fuerzas-en-una-campana-conjunta-contra-el-tabaquismo\\\/\",\"name\":\"Gebro Pharma y The Ricky Rubio Foundation unen fuerzas en una campa\u00f1a conjunta contra el tabaquismo - Gebro Pharma\",\"isPartOf\":{\"@id\":\"https:\\\/\\\/gebro.es\\\/ca\\\/#website\"},\"primaryImageOfPage\":{\"@id\":\"https:\\\/\\\/gebro.es\\\/ca\\\/gebro-pharma-y-the-ricky-rubio-foundationunen-fuerzas-en-una-campana-conjunta-contra-el-tabaquismo\\\/#primaryimage\"},\"image\":{\"@id\":\"https:\\\/\\\/gebro.es\\\/ca\\\/gebro-pharma-y-the-ricky-rubio-foundationunen-fuerzas-en-una-campana-conjunta-contra-el-tabaquismo\\\/#primaryimage\"},\"thumbnailUrl\":\"https:\\\/\\\/gebro.es\\\/app\\\/uploads\\\/2025\\\/05\\\/adios-nicotina-nena-i-pare.jpg\",\"datePublished\":\"2025-05-30T09:19:28+00:00\",\"author\":{\"@id\":\"https:\\\/\\\/gebro.es\\\/ca\\\/#\\\/schema\\\/person\\\/0f0c46c3232e230c968bd6b7a2a46090\"},\"breadcrumb\":{\"@id\":\"https:\\\/\\\/gebro.es\\\/ca\\\/gebro-pharma-y-the-ricky-rubio-foundationunen-fuerzas-en-una-campana-conjunta-contra-el-tabaquismo\\\/#breadcrumb\"},\"inLanguage\":\"ca\",\"potentialAction\":[{\"@type\":\"ReadAction\",\"target\":[\"https:\\\/\\\/gebro.es\\\/ca\\\/gebro-pharma-y-the-ricky-rubio-foundationunen-fuerzas-en-una-campana-conjunta-contra-el-tabaquismo\\\/\"]}]},{\"@type\":\"ImageObject\",\"inLanguage\":\"ca\",\"@id\":\"https:\\\/\\\/gebro.es\\\/ca\\\/gebro-pharma-y-the-ricky-rubio-foundationunen-fuerzas-en-una-campana-conjunta-contra-el-tabaquismo\\\/#primaryimage\",\"url\":\"https:\\\/\\\/gebro.es\\\/app\\\/uploads\\\/2025\\\/05\\\/adios-nicotina-nena-i-pare.jpg\",\"contentUrl\":\"https:\\\/\\\/gebro.es\\\/app\\\/uploads\\\/2025\\\/05\\\/adios-nicotina-nena-i-pare.jpg\",\"width\":1984,\"height\":2400},{\"@type\":\"BreadcrumbList\",\"@id\":\"https:\\\/\\\/gebro.es\\\/ca\\\/gebro-pharma-y-the-ricky-rubio-foundationunen-fuerzas-en-una-campana-conjunta-contra-el-tabaquismo\\\/#breadcrumb\",\"itemListElement\":[{\"@type\":\"ListItem\",\"position\":1,\"name\":\"\",\"item\":\"https:\\\/\\\/gebro.es\\\/ca\\\/\"},{\"@type\":\"ListItem\",\"position\":2,\"name\":\"Gebro Pharma y The Ricky Rubio Foundation unen fuerzas en una campa\u00f1a conjunta contra el tabaquismo\"}]},{\"@type\":\"WebSite\",\"@id\":\"https:\\\/\\\/gebro.es\\\/ca\\\/#website\",\"url\":\"https:\\\/\\\/gebro.es\\\/ca\\\/\",\"name\":\"Gebro Pharma\",\"description\":\"At Gebro Pharma we improve your health\",\"potentialAction\":[{\"@type\":\"SearchAction\",\"target\":{\"@type\":\"EntryPoint\",\"urlTemplate\":\"https:\\\/\\\/gebro.es\\\/ca\\\/?s={search_term_string}\"},\"query-input\":{\"@type\":\"PropertyValueSpecification\",\"valueRequired\":true,\"valueName\":\"search_term_string\"}}],\"inLanguage\":\"ca\"},{\"@type\":\"Person\",\"@id\":\"https:\\\/\\\/gebro.es\\\/ca\\\/#\\\/schema\\\/person\\\/0f0c46c3232e230c968bd6b7a2a46090\",\"name\":\"Amanda Tal\u00e1n\",\"image\":{\"@type\":\"ImageObject\",\"inLanguage\":\"ca\",\"@id\":\"https:\\\/\\\/secure.gravatar.com\\\/avatar\\\/32ab42d91b3c2fb4e8c1a4b8fd922d70ccdf8320017955db783a9eb7efd1db21?s=96&d=mm&r=g\",\"url\":\"https:\\\/\\\/secure.gravatar.com\\\/avatar\\\/32ab42d91b3c2fb4e8c1a4b8fd922d70ccdf8320017955db783a9eb7efd1db21?s=96&d=mm&r=g\",\"contentUrl\":\"https:\\\/\\\/secure.gravatar.com\\\/avatar\\\/32ab42d91b3c2fb4e8c1a4b8fd922d70ccdf8320017955db783a9eb7efd1db21?s=96&d=mm&r=g\",\"caption\":\"Amanda Tal\u00e1n\"},\"url\":\"https:\\\/\\\/gebro.es\\\/ca\\\/author\\\/amanda\\\/\"}]}<\/script>\n<!-- \/ Yoast SEO plugin. -->","yoast_head_json":{"title":"Gebro Pharma y The Ricky Rubio Foundation unen fuerzas en una campa\u00f1a conjunta contra el tabaquismo - Gebro Pharma","robots":{"index":"index","follow":"follow","max-snippet":"max-snippet:-1","max-image-preview":"max-image-preview:large","max-video-preview":"max-video-preview:-1"},"canonical":"https:\/\/gebro.es\/ca\/gebro-pharma-y-the-ricky-rubio-foundationunen-fuerzas-en-una-campana-conjunta-contra-el-tabaquismo\/","og_locale":"ca_ES","og_type":"article","og_title":"Gebro Pharma y The Ricky Rubio Foundation unen fuerzas en una campa\u00f1a conjunta contra el tabaquismo - Gebro Pharma","og_description":"Barcelona, 28.05.2025 \u2013 Laboratorios Gebro Pharma refuerza su compromiso con las enfermedades respiratorias a trav\u00e9s de una campa\u00f1a de concienciaci\u00f3n social que busca motivar a la poblaci\u00f3n fumadora para que abandonen el tabaco y la nicotina. La campa\u00f1a \u201cAdi\u00f3s nicotina\u201d arranca este 31 de mayo con motivo del D\u00eda Internacional contra el Tabaco y acabar\u00e1 [&hellip;]","og_url":"https:\/\/gebro.es\/ca\/gebro-pharma-y-the-ricky-rubio-foundationunen-fuerzas-en-una-campana-conjunta-contra-el-tabaquismo\/","og_site_name":"Gebro Pharma","article_published_time":"2025-05-30T09:19:28+00:00","author":"Amanda Tal\u00e1n","twitter_card":"summary_large_image","twitter_misc":{"Escrit per":"Amanda Tal\u00e1n","Temps estimat de lectura":"5 minuts"},"schema":{"@context":"https:\/\/schema.org","@graph":[{"@type":"Article","@id":"https:\/\/gebro.es\/ca\/gebro-pharma-y-the-ricky-rubio-foundationunen-fuerzas-en-una-campana-conjunta-contra-el-tabaquismo\/#article","isPartOf":{"@id":"https:\/\/gebro.es\/ca\/gebro-pharma-y-the-ricky-rubio-foundationunen-fuerzas-en-una-campana-conjunta-contra-el-tabaquismo\/"},"author":{"name":"Amanda Tal\u00e1n","@id":"https:\/\/gebro.es\/ca\/#\/schema\/person\/0f0c46c3232e230c968bd6b7a2a46090"},"headline":"Gebro Pharma y The Ricky Rubio Foundation unen fuerzas en una campa\u00f1a conjunta contra el tabaquismo","datePublished":"2025-05-30T09:19:28+00:00","mainEntityOfPage":{"@id":"https:\/\/gebro.es\/ca\/gebro-pharma-y-the-ricky-rubio-foundationunen-fuerzas-en-una-campana-conjunta-contra-el-tabaquismo\/"},"wordCount":1096,"commentCount":0,"image":{"@id":"https:\/\/gebro.es\/ca\/gebro-pharma-y-the-ricky-rubio-foundationunen-fuerzas-en-una-campana-conjunta-contra-el-tabaquismo\/#primaryimage"},"thumbnailUrl":"https:\/\/gebro.es\/app\/uploads\/2025\/05\/adios-nicotina-nena-i-pare.jpg","articleSection":["Press"],"inLanguage":"ca","potentialAction":[{"@type":"CommentAction","name":"Comment","target":["https:\/\/gebro.es\/ca\/gebro-pharma-y-the-ricky-rubio-foundationunen-fuerzas-en-una-campana-conjunta-contra-el-tabaquismo\/#respond"]}]},{"@type":"WebPage","@id":"https:\/\/gebro.es\/ca\/gebro-pharma-y-the-ricky-rubio-foundationunen-fuerzas-en-una-campana-conjunta-contra-el-tabaquismo\/","url":"https:\/\/gebro.es\/ca\/gebro-pharma-y-the-ricky-rubio-foundationunen-fuerzas-en-una-campana-conjunta-contra-el-tabaquismo\/","name":"Gebro Pharma y The Ricky Rubio Foundation unen fuerzas en una campa\u00f1a conjunta contra el tabaquismo - Gebro Pharma","isPartOf":{"@id":"https:\/\/gebro.es\/ca\/#website"},"primaryImageOfPage":{"@id":"https:\/\/gebro.es\/ca\/gebro-pharma-y-the-ricky-rubio-foundationunen-fuerzas-en-una-campana-conjunta-contra-el-tabaquismo\/#primaryimage"},"image":{"@id":"https:\/\/gebro.es\/ca\/gebro-pharma-y-the-ricky-rubio-foundationunen-fuerzas-en-una-campana-conjunta-contra-el-tabaquismo\/#primaryimage"},"thumbnailUrl":"https:\/\/gebro.es\/app\/uploads\/2025\/05\/adios-nicotina-nena-i-pare.jpg","datePublished":"2025-05-30T09:19:28+00:00","author":{"@id":"https:\/\/gebro.es\/ca\/#\/schema\/person\/0f0c46c3232e230c968bd6b7a2a46090"},"breadcrumb":{"@id":"https:\/\/gebro.es\/ca\/gebro-pharma-y-the-ricky-rubio-foundationunen-fuerzas-en-una-campana-conjunta-contra-el-tabaquismo\/#breadcrumb"},"inLanguage":"ca","potentialAction":[{"@type":"ReadAction","target":["https:\/\/gebro.es\/ca\/gebro-pharma-y-the-ricky-rubio-foundationunen-fuerzas-en-una-campana-conjunta-contra-el-tabaquismo\/"]}]},{"@type":"ImageObject","inLanguage":"ca","@id":"https:\/\/gebro.es\/ca\/gebro-pharma-y-the-ricky-rubio-foundationunen-fuerzas-en-una-campana-conjunta-contra-el-tabaquismo\/#primaryimage","url":"https:\/\/gebro.es\/app\/uploads\/2025\/05\/adios-nicotina-nena-i-pare.jpg","contentUrl":"https:\/\/gebro.es\/app\/uploads\/2025\/05\/adios-nicotina-nena-i-pare.jpg","width":1984,"height":2400},{"@type":"BreadcrumbList","@id":"https:\/\/gebro.es\/ca\/gebro-pharma-y-the-ricky-rubio-foundationunen-fuerzas-en-una-campana-conjunta-contra-el-tabaquismo\/#breadcrumb","itemListElement":[{"@type":"ListItem","position":1,"name":"","item":"https:\/\/gebro.es\/ca\/"},{"@type":"ListItem","position":2,"name":"Gebro Pharma y The Ricky Rubio Foundation unen fuerzas en una campa\u00f1a conjunta contra el tabaquismo"}]},{"@type":"WebSite","@id":"https:\/\/gebro.es\/ca\/#website","url":"https:\/\/gebro.es\/ca\/","name":"Gebro Pharma","description":"At Gebro Pharma we improve your health","potentialAction":[{"@type":"SearchAction","target":{"@type":"EntryPoint","urlTemplate":"https:\/\/gebro.es\/ca\/?s={search_term_string}"},"query-input":{"@type":"PropertyValueSpecification","valueRequired":true,"valueName":"search_term_string"}}],"inLanguage":"ca"},{"@type":"Person","@id":"https:\/\/gebro.es\/ca\/#\/schema\/person\/0f0c46c3232e230c968bd6b7a2a46090","name":"Amanda Tal\u00e1n","image":{"@type":"ImageObject","inLanguage":"ca","@id":"https:\/\/secure.gravatar.com\/avatar\/32ab42d91b3c2fb4e8c1a4b8fd922d70ccdf8320017955db783a9eb7efd1db21?s=96&d=mm&r=g","url":"https:\/\/secure.gravatar.com\/avatar\/32ab42d91b3c2fb4e8c1a4b8fd922d70ccdf8320017955db783a9eb7efd1db21?s=96&d=mm&r=g","contentUrl":"https:\/\/secure.gravatar.com\/avatar\/32ab42d91b3c2fb4e8c1a4b8fd922d70ccdf8320017955db783a9eb7efd1db21?s=96&d=mm&r=g","caption":"Amanda Tal\u00e1n"},"url":"https:\/\/gebro.es\/ca\/author\/amanda\/"}]}},"_links":{"self":[{"href":"https:\/\/gebro.es\/ca\/wp-json\/wp\/v2\/posts\/1916","targetHints":{"allow":["GET"]}}],"collection":[{"href":"https:\/\/gebro.es\/ca\/wp-json\/wp\/v2\/posts"}],"about":[{"href":"https:\/\/gebro.es\/ca\/wp-json\/wp\/v2\/types\/post"}],"author":[{"embeddable":true,"href":"https:\/\/gebro.es\/ca\/wp-json\/wp\/v2\/users\/2"}],"replies":[{"embeddable":true,"href":"https:\/\/gebro.es\/ca\/wp-json\/wp\/v2\/comments?post=1916"}],"version-history":[{"count":0,"href":"https:\/\/gebro.es\/ca\/wp-json\/wp\/v2\/posts\/1916\/revisions"}],"wp:featuredmedia":[{"embeddable":true,"href":"https:\/\/gebro.es\/ca\/wp-json\/wp\/v2\/media\/1814"}],"wp:attachment":[{"href":"https:\/\/gebro.es\/ca\/wp-json\/wp\/v2\/media?parent=1916"}],"wp:term":[{"taxonomy":"category","embeddable":true,"href":"https:\/\/gebro.es\/ca\/wp-json\/wp\/v2\/categories?post=1916"},{"taxonomy":"post_tag","embeddable":true,"href":"https:\/\/gebro.es\/ca\/wp-json\/wp\/v2\/tags?post=1916"}],"curies":[{"name":"wp","href":"https:\/\/api.w.org\/{rel}","templated":true}]}}